{"id":4229,"date":"2022-10-24T14:10:27","date_gmt":"2022-10-24T12:10:27","guid":{"rendered":"http:\/\/creapik.com\/site\/?p=4229"},"modified":"2022-10-26T18:47:01","modified_gmt":"2022-10-26T16:47:01","slug":"affiche-du-championnat-de-zone-individuelle-idf-2015-a-evry-corbeil-essonnes-thiais-et-la-ferte-sous-jouarre","status":"publish","type":"post","link":"https:\/\/creapik.com\/site\/affiche-du-championnat-de-zone-individuelle-idf-2015-a-evry-corbeil-essonnes-thiais-et-la-ferte-sous-jouarre\/","title":{"rendered":"Affiche de la zone individuelle IDF 2015"},"content":{"rendered":"\n<p>Cette affiche a \u00e9t\u00e9 r\u00e9alis\u00e9e pour le <strong>Championnat de zone individuelle IDF 2015<\/strong> \u00e0 Evry, Corbeil-Essonnes, Thiais et La Fert\u00e9 Sous Jouarre, en utilisant une photo de Katsiaryna Halkina, d\u00e9tour\u00e9e pour une affiche non retenue du <a href=\"http:\/\/creapik.com\/site\/affiche-du-tournoi-international-de-thiais-2016\/\" data-type=\"URL\" data-id=\"http:\/\/creapik.com\/site\/affiche-du-tournoi-international-de-thiais-2016\/\">tournoi de Thiais 2016.<\/a><br>La comp\u00e9tition devait initialement avoir lieu sur un week-end \u00e0 \u00c9vry et Corbeil Essonnes, mais suite aux attentats du 13 Novembre 2015, les championnats r\u00e9gionaux n&rsquo;ont pas \u00e9t\u00e9 maintenus, et la zone, \u00e0 tr\u00e8s fort effectif, a d\u00fb se tenir sur deux week-end et un mercredi, sur 4 lieux diff\u00e9rents.<br>L&rsquo;affiche a donc \u00e9t\u00e9 d\u00e9clin\u00e9e en 3 couleurs pour diff\u00e9rencier les 3 dates :<\/p>\n\n\n\n<figure class=\"wp-block-gallery has-nested-images columns-default is-cropped wp-block-gallery-1 is-layout-flex wp-block-gallery-is-layout-flex\">\n<figure class=\"wp-block-image size-large\"><img loading=\"lazy\" decoding=\"async\" width=\"400\" height=\"565\" data-id=\"4231\" src=\"http:\/\/creapik.com\/site\/wp-content\/uploads\/2022\/10\/affiche_zone_ind_2015a.jpg\" alt=\"\" class=\"wp-image-4231\" srcset=\"https:\/\/creapik.com\/site\/wp-content\/uploads\/2022\/10\/affiche_zone_ind_2015a.jpg 400w, https:\/\/creapik.com\/site\/wp-content\/uploads\/2022\/10\/affiche_zone_ind_2015a-212x300.jpg 212w, https:\/\/creapik.com\/site\/wp-content\/uploads\/2022\/10\/affiche_zone_ind_2015a-191x270.jpg 191w\" sizes=\"auto, (max-width: 400px) 100vw, 400px\" \/><\/figure>\n\n\n\n<figure class=\"wp-block-image size-large\"><img loading=\"lazy\" decoding=\"async\" width=\"400\" height=\"565\" data-id=\"4232\" src=\"http:\/\/creapik.com\/site\/wp-content\/uploads\/2022\/10\/affiche_zone_ind_2015b.jpg\" alt=\"\" class=\"wp-image-4232\" srcset=\"https:\/\/creapik.com\/site\/wp-content\/uploads\/2022\/10\/affiche_zone_ind_2015b.jpg 400w, https:\/\/creapik.com\/site\/wp-content\/uploads\/2022\/10\/affiche_zone_ind_2015b-212x300.jpg 212w, https:\/\/creapik.com\/site\/wp-content\/uploads\/2022\/10\/affiche_zone_ind_2015b-191x270.jpg 191w\" sizes=\"auto, (max-width: 400px) 100vw, 400px\" \/><\/figure>\n\n\n\n<figure class=\"wp-block-image size-large\"><img loading=\"lazy\" decoding=\"async\" width=\"400\" height=\"565\" data-id=\"4230\" src=\"http:\/\/creapik.com\/site\/wp-content\/uploads\/2022\/10\/affiche_zone_ind_2015c.jpg\" alt=\"\" class=\"wp-image-4230\" srcset=\"https:\/\/creapik.com\/site\/wp-content\/uploads\/2022\/10\/affiche_zone_ind_2015c.jpg 400w, https:\/\/creapik.com\/site\/wp-content\/uploads\/2022\/10\/affiche_zone_ind_2015c-212x300.jpg 212w, https:\/\/creapik.com\/site\/wp-content\/uploads\/2022\/10\/affiche_zone_ind_2015c-191x270.jpg 191w\" sizes=\"auto, (max-width: 400px) 100vw, 400px\" \/><\/figure>\n<\/figure>\n\n\n\n<p>Photo de Fran\u00e7ois Eikenberry.<\/p>\n","protected":false},"excerpt":{"rendered":"<p>Cette affiche a \u00e9t\u00e9 r\u00e9alis\u00e9e pour le Championnat de zone individuelle IDF 2015 \u00e0 Evry, Corbeil-Essonnes, Thiais et La Fert\u00e9 Sous Jouarre, en utilisant une photo de Katsiaryna Halkina, d\u00e9tour\u00e9e pour une affiche non retenue du tournoi de Thiais 2016.La comp\u00e9tition devait initialement avoir lieu sur un week-end \u00e0 \u00c9vry et Corbeil Essonnes, mais suite aux attentats du 13 Novembre 2015, les championnats r\u00e9gionaux n&rsquo;ont pas \u00e9t\u00e9 maintenus, et la zone, \u00e0 tr\u00e8s fort effectif, a d\u00fb se tenir sur&#8230;<\/p>\n<p class=\"read-more\"><a class=\"btn btn-default\" href=\"https:\/\/creapik.com\/site\/affiche-du-championnat-de-zone-individuelle-idf-2015-a-evry-corbeil-essonnes-thiais-et-la-ferte-sous-jouarre\/\">Lire la suite<span class=\"screen-reader-text\"> Lire la suite<\/span><\/a><\/p>\n","protected":false},"author":1,"featured_media":4233,"comment_status":"closed","ping_status":"","sticky":false,"template":"","format":"standard","meta":{"footnotes":""},"categories":[22,7],"tags":[],"class_list":["post-4229","post","type-post","status-publish","format-standard","has-post-thumbnail","hentry","category-affiches-de-competitions","category-graphisme"],"_links":{"self":[{"href":"https:\/\/creapik.com\/site\/wp-json\/wp\/v2\/posts\/4229","targetHints":{"allow":["GET"]}}],"collection":[{"href":"https:\/\/creapik.com\/site\/wp-json\/wp\/v2\/posts"}],"about":[{"href":"https:\/\/creapik.com\/site\/wp-json\/wp\/v2\/types\/post"}],"author":[{"embeddable":true,"href":"https:\/\/creapik.com\/site\/wp-json\/wp\/v2\/users\/1"}],"replies":[{"embeddable":true,"href":"https:\/\/creapik.com\/site\/wp-json\/wp\/v2\/comments?post=4229"}],"version-history":[{"count":4,"href":"https:\/\/creapik.com\/site\/wp-json\/wp\/v2\/posts\/4229\/revisions"}],"predecessor-version":[{"id":4512,"href":"https:\/\/creapik.com\/site\/wp-json\/wp\/v2\/posts\/4229\/revisions\/4512"}],"wp:featuredmedia":[{"embeddable":true,"href":"https:\/\/creapik.com\/site\/wp-json\/wp\/v2\/media\/4233"}],"wp:attachment":[{"href":"https:\/\/creapik.com\/site\/wp-json\/wp\/v2\/media?parent=4229"}],"wp:term":[{"taxonomy":"category","embeddable":true,"href":"https:\/\/creapik.com\/site\/wp-json\/wp\/v2\/categories?post=4229"},{"taxonomy":"post_tag","embeddable":true,"href":"https:\/\/creapik.com\/site\/wp-json\/wp\/v2\/tags?post=4229"}],"curies":[{"name":"wp","href":"https:\/\/api.w.org\/{rel}","templated":true}]}}