{"id":68574,"date":"2025-12-20T11:50:18","date_gmt":"2025-12-20T10:50:18","guid":{"rendered":"https:\/\/creapik.com\/site\/?p=68574"},"modified":"2025-12-04T11:53:26","modified_gmt":"2025-12-04T10:53:26","slug":"affiche-gala-de-noel-2025-de-ris-orangis","status":"publish","type":"post","link":"https:\/\/creapik.com\/site\/affiche-gala-de-noel-2025-de-ris-orangis\/","title":{"rendered":"Affiche gala de No\u00ebl 2025 de Ris Orangis"},"content":{"rendered":"\n<p>Affiche r\u00e9alis\u00e9e pour le gala de No\u00ebl 2025 de Ris Orangis, \u00e0 partir de photoe de gymnastes du club, prises lors de l\u2019\u00e9dition pr\u00e9c\u00e9dente.<\/p>\n\n\n<div class=\"wp-block-image\">\n<figure class=\"aligncenter size-large\"><img loading=\"lazy\" decoding=\"async\" width=\"724\" height=\"1024\" src=\"https:\/\/creapik.com\/site\/wp-content\/uploads\/2025\/12\/2025_12_gala-noel_v3-724x1024.jpg\" alt=\"\" class=\"wp-image-68575\" srcset=\"https:\/\/creapik.com\/site\/wp-content\/uploads\/2025\/12\/2025_12_gala-noel_v3-724x1024.jpg 724w, https:\/\/creapik.com\/site\/wp-content\/uploads\/2025\/12\/2025_12_gala-noel_v3-212x300.jpg 212w, https:\/\/creapik.com\/site\/wp-content\/uploads\/2025\/12\/2025_12_gala-noel_v3-768x1086.jpg 768w, https:\/\/creapik.com\/site\/wp-content\/uploads\/2025\/12\/2025_12_gala-noel_v3-1086x1536.jpg 1086w, https:\/\/creapik.com\/site\/wp-content\/uploads\/2025\/12\/2025_12_gala-noel_v3-1448x2048.jpg 1448w, https:\/\/creapik.com\/site\/wp-content\/uploads\/2025\/12\/2025_12_gala-noel_v3-191x270.jpg 191w, https:\/\/creapik.com\/site\/wp-content\/uploads\/2025\/12\/2025_12_gala-noel_v3-scaled.jpg 1810w\" sizes=\"auto, (max-width: 724px) 100vw, 724px\" \/><figcaption class=\"wp-element-caption\">Photos Creapik<\/figcaption><\/figure>\n<\/div>","protected":false},"excerpt":{"rendered":"<p>Affiche r\u00e9alis\u00e9e pour le gala de No\u00ebl 2025 de Ris Orangis, \u00e0 partir de photoe de gymnastes du club, prises lors de l\u2019\u00e9dition pr\u00e9c\u00e9dente.<\/p>\n","protected":false},"author":1,"featured_media":68576,"comment_status":"closed","ping_status":"","sticky":false,"template":"","format":"standard","meta":{"footnotes":""},"categories":[21,7],"tags":[],"class_list":["post-68574","post","type-post","status-publish","format-standard","has-post-thumbnail","hentry","category-affiches-de-gala","category-graphisme"],"_links":{"self":[{"href":"https:\/\/creapik.com\/site\/wp-json\/wp\/v2\/posts\/68574","targetHints":{"allow":["GET"]}}],"collection":[{"href":"https:\/\/creapik.com\/site\/wp-json\/wp\/v2\/posts"}],"about":[{"href":"https:\/\/creapik.com\/site\/wp-json\/wp\/v2\/types\/post"}],"author":[{"embeddable":true,"href":"https:\/\/creapik.com\/site\/wp-json\/wp\/v2\/users\/1"}],"replies":[{"embeddable":true,"href":"https:\/\/creapik.com\/site\/wp-json\/wp\/v2\/comments?post=68574"}],"version-history":[{"count":1,"href":"https:\/\/creapik.com\/site\/wp-json\/wp\/v2\/posts\/68574\/revisions"}],"predecessor-version":[{"id":68577,"href":"https:\/\/creapik.com\/site\/wp-json\/wp\/v2\/posts\/68574\/revisions\/68577"}],"wp:featuredmedia":[{"embeddable":true,"href":"https:\/\/creapik.com\/site\/wp-json\/wp\/v2\/media\/68576"}],"wp:attachment":[{"href":"https:\/\/creapik.com\/site\/wp-json\/wp\/v2\/media?parent=68574"}],"wp:term":[{"taxonomy":"category","embeddable":true,"href":"https:\/\/creapik.com\/site\/wp-json\/wp\/v2\/categories?post=68574"},{"taxonomy":"post_tag","embeddable":true,"href":"https:\/\/creapik.com\/site\/wp-json\/wp\/v2\/tags?post=68574"}],"curies":[{"name":"wp","href":"https:\/\/api.w.org\/{rel}","templated":true}]}}